{"id":4642,"date":"2022-01-30T12:46:08","date_gmt":"2022-01-30T15:46:08","guid":{"rendered":"http:\/\/www.nesde.ufpr.br\/portal\/?p=4642"},"modified":"2022-01-30T12:46:08","modified_gmt":"2022-01-30T15:46:08","slug":"nesde-na-midia","status":"publish","type":"post","link":"http:\/\/www.nesde.ufpr.br\/portal\/2022\/01\/30\/nesde-na-midia\/","title":{"rendered":"NESDE na m\u00eddia"},"content":{"rendered":"\n<p>Pesquisadora e coordenadora do NESDE publica artigo no Jornal dos Economistas do RJ.<\/p>\n\n\n\n<p>A professora Angela Welters, pesquisadora do NESDE, publicou artigo sobre como a Economia do Crime contribui na an\u00e1lise da criminalidade e da viol\u00eancia no Brasil. O artigo est\u00e1 na edi\u00e7\u00e3o de n\u00famero 390 de fevereiro de 2022 do Jornal dos Economistas, totalmente dedicada a tem\u00e1tica da &#8220;Economia das Sombras&#8221;. Esta \u00e9 uma publica\u00e7\u00e3o do Corecon do Rio de Janeiro com mais de 30 anos de hist\u00f3ria. Todas as edi\u00e7\u00f5es podem ser acessadas no <a href=\"https:\/\/www.corecon-rj.org.br\/jornal.php\">site.<\/a> <\/p>\n\n\n\n<p>A integra da publica\u00e7\u00e3o de fevereiro pode ser acessada <a href=\"https:\/\/www.corecon-rj.org.br\/anexos\/D69BE535835BFF305AB6120D87D240D5.pdf\">aqui<\/a>.<\/p>\n","protected":false},"excerpt":{"rendered":"<p>Pesquisadora e coordenadora do NESDE publica artigo no Jornal dos Economistas do RJ. A professora Angela Welters, pesquisadora do NESDE, publicou artigo sobre como a Economia do Crime contribui na an\u00e1lise da criminalidade e da viol\u00eancia no Brasil. O artigo est\u00e1 na edi\u00e7\u00e3o de n\u00famero 390 de fevereiro de 2022 do Jornal dos Economistas, totalmente [&hellip;]<\/p>\n","protected":false},"author":1,"featured_media":0,"comment_status":"open","ping_status":"open","sticky":true,"template":"","format":"standard","meta":[],"categories":[1],"tags":[51,52,53],"_links":{"self":[{"href":"http:\/\/www.nesde.ufpr.br\/portal\/wp-json\/wp\/v2\/posts\/4642"}],"collection":[{"href":"http:\/\/www.nesde.ufpr.br\/portal\/wp-json\/wp\/v2\/posts"}],"about":[{"href":"http:\/\/www.nesde.ufpr.br\/portal\/wp-json\/wp\/v2\/types\/post"}],"author":[{"embeddable":true,"href":"http:\/\/www.nesde.ufpr.br\/portal\/wp-json\/wp\/v2\/users\/1"}],"replies":[{"embeddable":true,"href":"http:\/\/www.nesde.ufpr.br\/portal\/wp-json\/wp\/v2\/comments?post=4642"}],"version-history":[{"count":1,"href":"http:\/\/www.nesde.ufpr.br\/portal\/wp-json\/wp\/v2\/posts\/4642\/revisions"}],"predecessor-version":[{"id":4643,"href":"http:\/\/www.nesde.ufpr.br\/portal\/wp-json\/wp\/v2\/posts\/4642\/revisions\/4643"}],"wp:attachment":[{"href":"http:\/\/www.nesde.ufpr.br\/portal\/wp-json\/wp\/v2\/media?parent=4642"}],"wp:term":[{"taxonomy":"category","embeddable":true,"href":"http:\/\/www.nesde.ufpr.br\/portal\/wp-json\/wp\/v2\/categories?post=4642"},{"taxonomy":"post_tag","embeddable":true,"href":"http:\/\/www.nesde.ufpr.br\/portal\/wp-json\/wp\/v2\/tags?post=4642"}],"curies":[{"name":"wp","href":"https:\/\/api.w.org\/{rel}","templated":true}]}}